{"id":219,"date":"2012-03-20T18:17:08","date_gmt":"2012-03-20T18:17:08","guid":{"rendered":"http:\/\/www.cerclemartinbuber.ch\/wordpress\/?p=219"},"modified":"2022-09-24T20:55:10","modified_gmt":"2022-09-24T20:55:10","slug":"concert-du-groupe-nekouda-chants-des-juifs-de-provence","status":"publish","type":"post","link":"https:\/\/www.cerclemartinbuber.ch\/wordpress\/?p=219","title":{"rendered":"Concert organis\u00e9 par l&#8217;AMJ le 25 mars"},"content":{"rendered":"<p><a href=\"http:\/\/www.cerclemartinbuber.ch\/wordpress\/wp-content\/uploads\/2012\/03\/photo_2_011.jpg\"><img loading=\"lazy\" decoding=\"async\" class=\"aligncenter size-full wp-image-222\" title=\"photo_2_0[1]\" src=\"http:\/\/www.cerclemartinbuber.ch\/wordpress\/wp-content\/uploads\/2012\/03\/photo_2_011.jpg\" alt=\"\" width=\"450\" height=\"411\" srcset=\"https:\/\/www.cerclemartinbuber.ch\/wordpress\/wp-content\/uploads\/2012\/03\/photo_2_011.jpg 450w, https:\/\/www.cerclemartinbuber.ch\/wordpress\/wp-content\/uploads\/2012\/03\/photo_2_011-300x274.jpg 300w, https:\/\/www.cerclemartinbuber.ch\/wordpress\/wp-content\/uploads\/2012\/03\/photo_2_011-328x300.jpg 328w\" sizes=\"auto, (max-width: 450px) 100vw, 450px\" \/><\/a><\/p>\n<p style=\"text-align: center;\"><a href=\"http:\/\/www.amj.ch\/WPR120325.htm\">NEKOUDA &#8211; musique et chant des anciennes communaut\u00e9s&nbsp;juives de Provence<\/a><\/p>\n<p>Dimanche 25 mars 2012 \u00e0 18h<\/p>\n<p>Th\u00e9\u00e2tre de la Cit\u00e9-Bleue, 46 avenue de Miremont, Gen\u00e8ve.<\/p>\n<p>Activit\u00e9 mise en place par l&#8217;Association des Amis de la Musique juive.<\/p>\n","protected":false},"excerpt":{"rendered":"<p>NEKOUDA &#8211; musique et chant des anciennes communaut\u00e9s&nbsp;juives de Provence Dimanche 25 mars 2012 \u00e0 18h Th\u00e9\u00e2tre de la Cit\u00e9-Bleue, 46 avenue de Miremont, Gen\u00e8ve. Activit\u00e9 mise en place par l&#8217;Association des Amis de la Musique juive.<\/p>\n","protected":false},"author":1,"featured_media":0,"comment_status":"closed","ping_status":"open","sticky":false,"template":"","format":"standard","meta":{"footnotes":""},"categories":[1],"tags":[],"class_list":["post-219","post","type-post","status-publish","format-standard","hentry","category-uncategorized"],"_links":{"self":[{"href":"https:\/\/www.cerclemartinbuber.ch\/wordpress\/index.php?rest_route=\/wp\/v2\/posts\/219","targetHints":{"allow":["GET"]}}],"collection":[{"href":"https:\/\/www.cerclemartinbuber.ch\/wordpress\/index.php?rest_route=\/wp\/v2\/posts"}],"about":[{"href":"https:\/\/www.cerclemartinbuber.ch\/wordpress\/index.php?rest_route=\/wp\/v2\/types\/post"}],"author":[{"embeddable":true,"href":"https:\/\/www.cerclemartinbuber.ch\/wordpress\/index.php?rest_route=\/wp\/v2\/users\/1"}],"replies":[{"embeddable":true,"href":"https:\/\/www.cerclemartinbuber.ch\/wordpress\/index.php?rest_route=%2Fwp%2Fv2%2Fcomments&post=219"}],"version-history":[{"count":7,"href":"https:\/\/www.cerclemartinbuber.ch\/wordpress\/index.php?rest_route=\/wp\/v2\/posts\/219\/revisions"}],"predecessor-version":[{"id":1209,"href":"https:\/\/www.cerclemartinbuber.ch\/wordpress\/index.php?rest_route=\/wp\/v2\/posts\/219\/revisions\/1209"}],"wp:attachment":[{"href":"https:\/\/www.cerclemartinbuber.ch\/wordpress\/index.php?rest_route=%2Fwp%2Fv2%2Fmedia&parent=219"}],"wp:term":[{"taxonomy":"category","embeddable":true,"href":"https:\/\/www.cerclemartinbuber.ch\/wordpress\/index.php?rest_route=%2Fwp%2Fv2%2Fcategories&post=219"},{"taxonomy":"post_tag","embeddable":true,"href":"https:\/\/www.cerclemartinbuber.ch\/wordpress\/index.php?rest_route=%2Fwp%2Fv2%2Ftags&post=219"}],"curies":[{"name":"wp","href":"https:\/\/api.w.org\/{rel}","templated":true}]}}