{"id":1226,"date":"2022-10-02T15:09:13","date_gmt":"2022-10-02T15:09:13","guid":{"rendered":"http:\/\/www.cerclemartinbuber.ch\/wordpress\/?p=1226"},"modified":"2022-10-02T15:19:09","modified_gmt":"2022-10-02T15:19:09","slug":"soiree-de-celebration-de-lannee-proust-2022-lundi-31-octobre-2022","status":"publish","type":"post","link":"https:\/\/www.cerclemartinbuber.ch\/wordpress\/?p=1226","title":{"rendered":"SOIR\u00c9E DE C\u00c9L\u00c9BRATION DE L&#8217;ANN\u00c9E PROUST &#8211; LUNDI 31 OCTOBRE 2022"},"content":{"rendered":"\n<figure class=\"wp-block-image size-large\"><a href=\"http:\/\/www.cerclemartinbuber.ch\/wordpress\/wp-content\/uploads\/2022\/10\/PROUST-CENTENAIRE.jpg\"><img loading=\"lazy\" decoding=\"async\" width=\"723\" height=\"1024\" src=\"http:\/\/www.cerclemartinbuber.ch\/wordpress\/wp-content\/uploads\/2022\/10\/PROUST-CENTENAIRE-723x1024.jpg\" alt=\"\" class=\"wp-image-1227\" srcset=\"https:\/\/www.cerclemartinbuber.ch\/wordpress\/wp-content\/uploads\/2022\/10\/PROUST-CENTENAIRE-723x1024.jpg 723w, https:\/\/www.cerclemartinbuber.ch\/wordpress\/wp-content\/uploads\/2022\/10\/PROUST-CENTENAIRE-212x300.jpg 212w, https:\/\/www.cerclemartinbuber.ch\/wordpress\/wp-content\/uploads\/2022\/10\/PROUST-CENTENAIRE-768x1088.jpg 768w, https:\/\/www.cerclemartinbuber.ch\/wordpress\/wp-content\/uploads\/2022\/10\/PROUST-CENTENAIRE-1084x1536.jpg 1084w, https:\/\/www.cerclemartinbuber.ch\/wordpress\/wp-content\/uploads\/2022\/10\/PROUST-CENTENAIRE.jpg 1129w\" sizes=\"auto, (max-width: 723px) 100vw, 723px\" \/><\/a><\/figure>\n\n\n\n<p><strong>C\u00c9L\u00c9BRATION DE L&#8217;ANN\u00c9E PROUST 2022<\/strong> <strong>&#8211; GIL &amp; CMB<\/strong><br><strong>MARCEL PROUST &#8211; SON LIEN AU JUDA\u00cfSME ET SA R\u00c9CEPTION DANS LE MONDE<\/strong><\/p>\n\n\n\n<p><strong>Intervenants :&nbsp;Henri RACZYMOW &amp; Etienne SAUTHIER<\/strong><br>Deux chercheurs&nbsp;originaux&nbsp;et de grande qualit\u00e9, pleinement investis dans la compr\u00e9hension et la valorisation de l&#8217;oeuvre de Proust, interviendront dans <strong>les salons du GIL<\/strong> de fa\u00e7on ouverte &amp; interactive \u00e0 propos des legs de la pens\u00e9e et l&#8217;oeuvre du grand \u00e9crivain, mort il y a 100 ans.<br>Ils \u00e9voqueront des livres actuels et passionnants autour de Proust, son identit\u00e9,&nbsp;<a rel=\"noreferrer noopener\" href=\"https:\/\/www.fabula.org\/actualites\/https:\/mahj.org\/fr\/ressources-editions\/marcel-proust-77564_108992.php\" target=\"_blank\">sa jud\u00e9it\u00e9<\/a>, en particulier,&nbsp;de m\u00eame que sur <a rel=\"noreferrer noopener\" href=\"https:\/\/www.folio-lesite.fr\/Catalogue\/Folio\/Folio-classique\/Proust-Monde?fbclid=IwAR336TJuRGfxncJFucdXv-Ig95qqeWZg90XDXTXj_BPrxCZnK-Ggzyh4KF8\" target=\"_blank\">la r\u00e9percussion de son oeuvre <\/a>dans les litt\u00e9ratures du monde entier.<br><br><br>                 <strong><em>GRANDE SOIR\u00c9E CULTURELLE AU GIL de Gen\u00e8ve<\/em><\/strong><br>                    <strong><em>Inscription \u00e0 info@gil.ch<\/em><\/strong><br>                    <strong>19H : Buffet (15 chf)<\/strong><br>                    <strong>20H : Conf\u00e9rence &#8211; Entr\u00e9e libre<\/strong> <strong>\/ inscription obligatoire.<\/strong><\/p>\n","protected":false},"excerpt":{"rendered":"<p>C\u00c9L\u00c9BRATION DE L&#8217;ANN\u00c9E PROUST 2022 &#8211; GIL &amp; CMBMARCEL PROUST &#8211; SON LIEN AU JUDA\u00cfSME ET SA R\u00c9CEPTION DANS LE MONDE Intervenants :&nbsp;Henri RACZYMOW &amp; Etienne SAUTHIERDeux chercheurs&nbsp;originaux&nbsp;et de grande qualit\u00e9, pleinement investis dans la compr\u00e9hension et la valorisation de &hellip; <a href=\"https:\/\/www.cerclemartinbuber.ch\/wordpress\/?p=1226\">Continue reading <span class=\"meta-nav\">&rarr;<\/span><\/a><\/p>\n","protected":false},"author":1,"featured_media":0,"comment_status":"closed","ping_status":"open","sticky":false,"template":"","format":"standard","meta":{"footnotes":""},"categories":[1],"tags":[],"class_list":["post-1226","post","type-post","status-publish","format-standard","hentry","category-uncategorized"],"_links":{"self":[{"href":"https:\/\/www.cerclemartinbuber.ch\/wordpress\/index.php?rest_route=\/wp\/v2\/posts\/1226","targetHints":{"allow":["GET"]}}],"collection":[{"href":"https:\/\/www.cerclemartinbuber.ch\/wordpress\/index.php?rest_route=\/wp\/v2\/posts"}],"about":[{"href":"https:\/\/www.cerclemartinbuber.ch\/wordpress\/index.php?rest_route=\/wp\/v2\/types\/post"}],"author":[{"embeddable":true,"href":"https:\/\/www.cerclemartinbuber.ch\/wordpress\/index.php?rest_route=\/wp\/v2\/users\/1"}],"replies":[{"embeddable":true,"href":"https:\/\/www.cerclemartinbuber.ch\/wordpress\/index.php?rest_route=%2Fwp%2Fv2%2Fcomments&post=1226"}],"version-history":[{"count":6,"href":"https:\/\/www.cerclemartinbuber.ch\/wordpress\/index.php?rest_route=\/wp\/v2\/posts\/1226\/revisions"}],"predecessor-version":[{"id":1234,"href":"https:\/\/www.cerclemartinbuber.ch\/wordpress\/index.php?rest_route=\/wp\/v2\/posts\/1226\/revisions\/1234"}],"wp:attachment":[{"href":"https:\/\/www.cerclemartinbuber.ch\/wordpress\/index.php?rest_route=%2Fwp%2Fv2%2Fmedia&parent=1226"}],"wp:term":[{"taxonomy":"category","embeddable":true,"href":"https:\/\/www.cerclemartinbuber.ch\/wordpress\/index.php?rest_route=%2Fwp%2Fv2%2Fcategories&post=1226"},{"taxonomy":"post_tag","embeddable":true,"href":"https:\/\/www.cerclemartinbuber.ch\/wordpress\/index.php?rest_route=%2Fwp%2Fv2%2Ftags&post=1226"}],"curies":[{"name":"wp","href":"https:\/\/api.w.org\/{rel}","templated":true}]}}