{"id":561,"date":"2015-11-25T10:39:10","date_gmt":"2015-11-25T10:39:10","guid":{"rendered":"http:\/\/www.cerclemartinbuber.ch\/wordpress\/?p=561"},"modified":"2022-09-24T20:45:07","modified_gmt":"2022-09-24T20:45:07","slug":"561","status":"publish","type":"post","link":"http:\/\/www.cerclemartinbuber.ch\/wordpress\/?p=561","title":{"rendered":"Rencontre exceptionnelle sur les g\u00e9nocides et la m\u00e9moire des violences de masse &#8211; 15 d\u00e9cembre 2015 &#8211; Universit\u00e9 de Gen\u00e8ve"},"content":{"rendered":"<p style=\"text-align: center;\"><strong>Comprendre et Pr\u00e9venir les G\u00e9nocides &#8211; Arm\u00e9nie 1915, Auschwitz 1945, Srebrenica 1995.<br \/>\n<\/strong><\/p>\n<p style=\"text-align: left;\">Le film de la conf\u00e9rence est visible sur le site de l&#8217;Universit\u00e9 de Gen\u00e8ve <a href=\"https:\/\/mediaserver.unige.ch\/play\/92651\">en cliquant ici<br \/>\n<\/a><br \/>\nAvec Raymond Kevorkian (Paris VIII), Laurent Joly (CNRS) et Florence Hartmann (ex-Le Monde et TPIY).<\/p>\n<p>Une rencontre organis\u00e9e par: le Cercle Martin Buber, la Fondation Miassine et Solidarit\u00e9 Bosnie.<br \/>\nAvec le soutien de la ville de Gen\u00e8ve et de l&#8217;Association des Amis suisses de Yad Vashem.<\/p>\n<p><a href=\"http:\/\/www.cerclemartinbuber.ch\/wordpress\/wp-content\/uploads\/2015\/11\/Rencontre-exceptionnelle-sur-le-g\u00e9noocide-du-15-d\u00e9cembre-2015.jpg\"><img loading=\"lazy\" decoding=\"async\" class=\"aligncenter size-large wp-image-565\" title=\"Rencontre exceptionnelle sur le g\u00e9noocide du 15 d\u00e9cembre 2015\" src=\"http:\/\/www.cerclemartinbuber.ch\/wordpress\/wp-content\/uploads\/2015\/11\/Rencontre-exceptionnelle-sur-le-g\u00e9noocide-du-15-d\u00e9cembre-2015-721x1024.jpg\" alt=\"\" width=\"584\" height=\"829\" srcset=\"http:\/\/www.cerclemartinbuber.ch\/wordpress\/wp-content\/uploads\/2015\/11\/Rencontre-exceptionnelle-sur-le-g\u00e9noocide-du-15-d\u00e9cembre-2015-721x1024.jpg 721w, http:\/\/www.cerclemartinbuber.ch\/wordpress\/wp-content\/uploads\/2015\/11\/Rencontre-exceptionnelle-sur-le-g\u00e9noocide-du-15-d\u00e9cembre-2015-211x300.jpg 211w, http:\/\/www.cerclemartinbuber.ch\/wordpress\/wp-content\/uploads\/2015\/11\/Rencontre-exceptionnelle-sur-le-g\u00e9noocide-du-15-d\u00e9cembre-2015.jpg 875w\" sizes=\"auto, (max-width: 584px) 100vw, 584px\" \/><\/a><a href=\"http:\/\/www.cerclemartinbuber.ch\/wordpress\/wp-content\/uploads\/2015\/11\/Rencontre-sur-le-g\u00e9nocide-du-15-d\u00e9cembre-2015-gliss\u00e9es.jpg\"><img loading=\"lazy\" decoding=\"async\" class=\"aligncenter size-large wp-image-566\" title=\"Rencontre sur le g\u00e9nocide du 15 d\u00e9cembre 2015 (gliss\u00e9(e)s)\" src=\"http:\/\/www.cerclemartinbuber.ch\/wordpress\/wp-content\/uploads\/2015\/11\/Rencontre-sur-le-g\u00e9nocide-du-15-d\u00e9cembre-2015-gliss\u00e9es-721x1024.jpg\" alt=\"\" width=\"584\" height=\"829\" srcset=\"http:\/\/www.cerclemartinbuber.ch\/wordpress\/wp-content\/uploads\/2015\/11\/Rencontre-sur-le-g\u00e9nocide-du-15-d\u00e9cembre-2015-gliss\u00e9es-721x1024.jpg 721w, http:\/\/www.cerclemartinbuber.ch\/wordpress\/wp-content\/uploads\/2015\/11\/Rencontre-sur-le-g\u00e9nocide-du-15-d\u00e9cembre-2015-gliss\u00e9es-211x300.jpg 211w, http:\/\/www.cerclemartinbuber.ch\/wordpress\/wp-content\/uploads\/2015\/11\/Rencontre-sur-le-g\u00e9nocide-du-15-d\u00e9cembre-2015-gliss\u00e9es.jpg 875w\" sizes=\"auto, (max-width: 584px) 100vw, 584px\" \/><\/a><\/p>\n","protected":false},"excerpt":{"rendered":"<p>Comprendre et Pr\u00e9venir les G\u00e9nocides &#8211; Arm\u00e9nie 1915, Auschwitz 1945, Srebrenica 1995. Le film de la conf\u00e9rence est visible sur le site de l&#8217;Universit\u00e9 de Gen\u00e8ve en cliquant ici Avec Raymond Kevorkian (Paris VIII), Laurent Joly (CNRS) et Florence Hartmann &hellip; <a href=\"http:\/\/www.cerclemartinbuber.ch\/wordpress\/?p=561\">Continue reading <span class=\"meta-nav\">&rarr;<\/span><\/a><\/p>\n","protected":false},"author":1,"featured_media":0,"comment_status":"closed","ping_status":"open","sticky":false,"template":"","format":"standard","meta":{"footnotes":""},"categories":[1],"tags":[],"class_list":["post-561","post","type-post","status-publish","format-standard","hentry","category-uncategorized"],"_links":{"self":[{"href":"http:\/\/www.cerclemartinbuber.ch\/wordpress\/index.php?rest_route=\/wp\/v2\/posts\/561","targetHints":{"allow":["GET"]}}],"collection":[{"href":"http:\/\/www.cerclemartinbuber.ch\/wordpress\/index.php?rest_route=\/wp\/v2\/posts"}],"about":[{"href":"http:\/\/www.cerclemartinbuber.ch\/wordpress\/index.php?rest_route=\/wp\/v2\/types\/post"}],"author":[{"embeddable":true,"href":"http:\/\/www.cerclemartinbuber.ch\/wordpress\/index.php?rest_route=\/wp\/v2\/users\/1"}],"replies":[{"embeddable":true,"href":"http:\/\/www.cerclemartinbuber.ch\/wordpress\/index.php?rest_route=%2Fwp%2Fv2%2Fcomments&post=561"}],"version-history":[{"count":20,"href":"http:\/\/www.cerclemartinbuber.ch\/wordpress\/index.php?rest_route=\/wp\/v2\/posts\/561\/revisions"}],"predecessor-version":[{"id":1198,"href":"http:\/\/www.cerclemartinbuber.ch\/wordpress\/index.php?rest_route=\/wp\/v2\/posts\/561\/revisions\/1198"}],"wp:attachment":[{"href":"http:\/\/www.cerclemartinbuber.ch\/wordpress\/index.php?rest_route=%2Fwp%2Fv2%2Fmedia&parent=561"}],"wp:term":[{"taxonomy":"category","embeddable":true,"href":"http:\/\/www.cerclemartinbuber.ch\/wordpress\/index.php?rest_route=%2Fwp%2Fv2%2Fcategories&post=561"},{"taxonomy":"post_tag","embeddable":true,"href":"http:\/\/www.cerclemartinbuber.ch\/wordpress\/index.php?rest_route=%2Fwp%2Fv2%2Ftags&post=561"}],"curies":[{"name":"wp","href":"https:\/\/api.w.org\/{rel}","templated":true}]}}