{"id":332,"date":"2013-10-21T21:01:02","date_gmt":"2013-10-21T21:01:02","guid":{"rendered":"http:\/\/www.cerclemartinbuber.ch\/wordpress\/?p=332"},"modified":"2022-09-24T20:43:53","modified_gmt":"2022-09-24T20:43:53","slug":"notre-prochaine-conference-sur-la-vie-et-loeuvre-de-martin-buber","status":"publish","type":"post","link":"http:\/\/www.cerclemartinbuber.ch\/wordpress\/?p=332","title":{"rendered":"Notre prochain \u00e9v\u00e8nement n&#8217;est autre qu&#8217;une conf\u00e9rence sur&#8230; Martin Buber !!"},"content":{"rendered":"<p><a href=\"http:\/\/www.cerclemartinbuber.ch\/wordpress\/wp-content\/uploads\/2013\/10\/buber-flyer_web-1.jpg\"><img loading=\"lazy\" decoding=\"async\" src=\"http:\/\/www.cerclemartinbuber.ch\/wordpress\/wp-content\/uploads\/2013\/10\/buber-flyer_web-1-721x1024.jpg\" alt=\"\" title=\"buber flyer_web-1\" width=\"584\" height=\"829\" class=\"aligncenter size-large wp-image-335\" srcset=\"http:\/\/www.cerclemartinbuber.ch\/wordpress\/wp-content\/uploads\/2013\/10\/buber-flyer_web-1-721x1024.jpg 721w, http:\/\/www.cerclemartinbuber.ch\/wordpress\/wp-content\/uploads\/2013\/10\/buber-flyer_web-1-211x300.jpg 211w, http:\/\/www.cerclemartinbuber.ch\/wordpress\/wp-content\/uploads\/2013\/10\/buber-flyer_web-1.jpg 874w\" sizes=\"auto, (max-width: 584px) 100vw, 584px\" \/><\/a><\/p>\n","protected":false},"excerpt":{"rendered":"","protected":false},"author":1,"featured_media":0,"comment_status":"closed","ping_status":"open","sticky":false,"template":"","format":"standard","meta":{"footnotes":""},"categories":[1],"tags":[],"class_list":["post-332","post","type-post","status-publish","format-standard","hentry","category-uncategorized"],"_links":{"self":[{"href":"http:\/\/www.cerclemartinbuber.ch\/wordpress\/index.php?rest_route=\/wp\/v2\/posts\/332","targetHints":{"allow":["GET"]}}],"collection":[{"href":"http:\/\/www.cerclemartinbuber.ch\/wordpress\/index.php?rest_route=\/wp\/v2\/posts"}],"about":[{"href":"http:\/\/www.cerclemartinbuber.ch\/wordpress\/index.php?rest_route=\/wp\/v2\/types\/post"}],"author":[{"embeddable":true,"href":"http:\/\/www.cerclemartinbuber.ch\/wordpress\/index.php?rest_route=\/wp\/v2\/users\/1"}],"replies":[{"embeddable":true,"href":"http:\/\/www.cerclemartinbuber.ch\/wordpress\/index.php?rest_route=%2Fwp%2Fv2%2Fcomments&post=332"}],"version-history":[{"count":9,"href":"http:\/\/www.cerclemartinbuber.ch\/wordpress\/index.php?rest_route=\/wp\/v2\/posts\/332\/revisions"}],"predecessor-version":[{"id":1197,"href":"http:\/\/www.cerclemartinbuber.ch\/wordpress\/index.php?rest_route=\/wp\/v2\/posts\/332\/revisions\/1197"}],"wp:attachment":[{"href":"http:\/\/www.cerclemartinbuber.ch\/wordpress\/index.php?rest_route=%2Fwp%2Fv2%2Fmedia&parent=332"}],"wp:term":[{"taxonomy":"category","embeddable":true,"href":"http:\/\/www.cerclemartinbuber.ch\/wordpress\/index.php?rest_route=%2Fwp%2Fv2%2Fcategories&post=332"},{"taxonomy":"post_tag","embeddable":true,"href":"http:\/\/www.cerclemartinbuber.ch\/wordpress\/index.php?rest_route=%2Fwp%2Fv2%2Ftags&post=332"}],"curies":[{"name":"wp","href":"https:\/\/api.w.org\/{rel}","templated":true}]}}