{"id":1347,"date":"2024-06-18T19:10:47","date_gmt":"2024-06-18T19:10:47","guid":{"rendered":"https:\/\/www.cerclemartinbuber.ch\/wordpress\/?p=1347"},"modified":"2024-06-18T19:18:52","modified_gmt":"2024-06-18T19:18:52","slug":"mardi-25-juin-2024-18h30-rencontre-avec-fabienne-regard-politologue","status":"publish","type":"post","link":"http:\/\/www.cerclemartinbuber.ch\/wordpress\/?p=1347","title":{"rendered":"Mardi 25 juin 2024 18H30 &#8211; M\u00e9moires allemandes, 2\u00e8me-3\u00e8me G\u00e9n\u00e9ration &#038; Stolpersteine."},"content":{"rendered":"\n<p class=\"has-medium-font-size\">Rencontre th\u00e9matique et interactive <br>avec Fabienne Regard, politologue.<\/p>\n\n\n\n<p class=\"has-small-font-size\"><strong>Lien d&#8217;inscription:<\/strong> <a rel=\"noreferrer noopener\" href=\"http:\/\/bit.ly\/3PMBnah\" target=\"_blank\">bit.ly\/3PMBnah<\/a><\/p>\n\n\n\n<figure class=\"wp-block-image size-large\"><a href=\"https:\/\/www.cerclemartinbuber.ch\/wordpress\/wp-content\/uploads\/2024\/06\/Meilensteine-Stolpersteinee.jpg\"><img loading=\"lazy\" decoding=\"async\" width=\"722\" height=\"1024\" src=\"https:\/\/www.cerclemartinbuber.ch\/wordpress\/wp-content\/uploads\/2024\/06\/Meilensteine-Stolpersteinee-722x1024.jpg\" alt=\"\" class=\"wp-image-1353\" srcset=\"http:\/\/www.cerclemartinbuber.ch\/wordpress\/wp-content\/uploads\/2024\/06\/Meilensteine-Stolpersteinee-722x1024.jpg 722w, http:\/\/www.cerclemartinbuber.ch\/wordpress\/wp-content\/uploads\/2024\/06\/Meilensteine-Stolpersteinee-211x300.jpg 211w, http:\/\/www.cerclemartinbuber.ch\/wordpress\/wp-content\/uploads\/2024\/06\/Meilensteine-Stolpersteinee-768x1089.jpg 768w, http:\/\/www.cerclemartinbuber.ch\/wordpress\/wp-content\/uploads\/2024\/06\/Meilensteine-Stolpersteinee-1083x1536.jpg 1083w, http:\/\/www.cerclemartinbuber.ch\/wordpress\/wp-content\/uploads\/2024\/06\/Meilensteine-Stolpersteinee-1444x2048.jpg 1444w, http:\/\/www.cerclemartinbuber.ch\/wordpress\/wp-content\/uploads\/2024\/06\/Meilensteine-Stolpersteinee.jpg 1749w\" sizes=\"auto, (max-width: 722px) 100vw, 722px\" \/><\/a><\/figure>\n","protected":false},"excerpt":{"rendered":"<p>Rencontre th\u00e9matique et interactive avec Fabienne Regard, politologue. Lien d&#8217;inscription: bit.ly\/3PMBnah<\/p>\n","protected":false},"author":1,"featured_media":0,"comment_status":"closed","ping_status":"open","sticky":false,"template":"","format":"standard","meta":{"footnotes":""},"categories":[1],"tags":[],"class_list":["post-1347","post","type-post","status-publish","format-standard","hentry","category-uncategorized"],"_links":{"self":[{"href":"http:\/\/www.cerclemartinbuber.ch\/wordpress\/index.php?rest_route=\/wp\/v2\/posts\/1347","targetHints":{"allow":["GET"]}}],"collection":[{"href":"http:\/\/www.cerclemartinbuber.ch\/wordpress\/index.php?rest_route=\/wp\/v2\/posts"}],"about":[{"href":"http:\/\/www.cerclemartinbuber.ch\/wordpress\/index.php?rest_route=\/wp\/v2\/types\/post"}],"author":[{"embeddable":true,"href":"http:\/\/www.cerclemartinbuber.ch\/wordpress\/index.php?rest_route=\/wp\/v2\/users\/1"}],"replies":[{"embeddable":true,"href":"http:\/\/www.cerclemartinbuber.ch\/wordpress\/index.php?rest_route=%2Fwp%2Fv2%2Fcomments&post=1347"}],"version-history":[{"count":6,"href":"http:\/\/www.cerclemartinbuber.ch\/wordpress\/index.php?rest_route=\/wp\/v2\/posts\/1347\/revisions"}],"predecessor-version":[{"id":1356,"href":"http:\/\/www.cerclemartinbuber.ch\/wordpress\/index.php?rest_route=\/wp\/v2\/posts\/1347\/revisions\/1356"}],"wp:attachment":[{"href":"http:\/\/www.cerclemartinbuber.ch\/wordpress\/index.php?rest_route=%2Fwp%2Fv2%2Fmedia&parent=1347"}],"wp:term":[{"taxonomy":"category","embeddable":true,"href":"http:\/\/www.cerclemartinbuber.ch\/wordpress\/index.php?rest_route=%2Fwp%2Fv2%2Fcategories&post=1347"},{"taxonomy":"post_tag","embeddable":true,"href":"http:\/\/www.cerclemartinbuber.ch\/wordpress\/index.php?rest_route=%2Fwp%2Fv2%2Ftags&post=1347"}],"curies":[{"name":"wp","href":"https:\/\/api.w.org\/{rel}","templated":true}]}}