{"id":1286,"date":"2023-09-04T12:49:57","date_gmt":"2023-09-04T12:49:57","guid":{"rendered":"https:\/\/www.cerclemartinbuber.ch\/wordpress\/?p=1286"},"modified":"2023-09-21T11:16:37","modified_gmt":"2023-09-21T11:16:37","slug":"film-evolution-allemagne-hongrie-2021-lundi-11-septembre-2023-a-20h15-aux-cinemas-du-grutli","status":"publish","type":"post","link":"http:\/\/www.cerclemartinbuber.ch\/wordpress\/?p=1286","title":{"rendered":"Film &#8220;Evolution&#8221; &#8211; Lundi 11 septembre 2023 \u00e0 20H15 aux Cin\u00e9mas du Gr\u00fctli."},"content":{"rendered":"\n<p><strong>Premi\u00e8re projection en Suisse-romande.<\/strong><br>&#8220;<em>Evolution (2021) traverse trois g\u00e9n\u00e9rations d\u2019une famille frapp\u00e9e par la Shoah.<br>Un film poignant, ouvert sur l\u2019inconscient et la puissance du ressenti<\/em>.&#8221; (Agn\u00e8s Santi), r\u00e9alis\u00e9 par Korn\u00e9l MUNDRUCZO et inspir\u00e9 des v\u00e9cus et dits familiaux de sa compagne Kata WEBER &#8211; sc\u00e9nario et mise en sc\u00e8ne. La projection aux cin\u00e9mas du Gr\u00fctli sera suivie d&#8217;une s\u00e9ance de questions et de discussion avec les deux cr\u00e9ateurs hongrois du film qui nous s&#8217;adresseront par visio-conf\u00e9rence depuis Berlin.<\/p>\n\n\n\n<figure class=\"wp-block-image size-full\"><a href=\"https:\/\/www.cerclemartinbuber.ch\/wordpress\/wp-content\/uploads\/2023\/09\/Projection-inedite-du-film-Evolution-1.png\"><img loading=\"lazy\" decoding=\"async\" width=\"833\" height=\"830\" src=\"https:\/\/www.cerclemartinbuber.ch\/wordpress\/wp-content\/uploads\/2023\/09\/Projection-inedite-du-film-Evolution-1.png\" alt=\"\" class=\"wp-image-1288\" srcset=\"http:\/\/www.cerclemartinbuber.ch\/wordpress\/wp-content\/uploads\/2023\/09\/Projection-inedite-du-film-Evolution-1.png 833w, http:\/\/www.cerclemartinbuber.ch\/wordpress\/wp-content\/uploads\/2023\/09\/Projection-inedite-du-film-Evolution-1-300x300.png 300w, http:\/\/www.cerclemartinbuber.ch\/wordpress\/wp-content\/uploads\/2023\/09\/Projection-inedite-du-film-Evolution-1-150x150.png 150w, http:\/\/www.cerclemartinbuber.ch\/wordpress\/wp-content\/uploads\/2023\/09\/Projection-inedite-du-film-Evolution-1-768x765.png 768w, http:\/\/www.cerclemartinbuber.ch\/wordpress\/wp-content\/uploads\/2023\/09\/Projection-inedite-du-film-Evolution-1-301x300.png 301w\" sizes=\"auto, (max-width: 833px) 100vw, 833px\" \/><\/a><\/figure>\n\n\n\n<p><br><\/p>\n","protected":false},"excerpt":{"rendered":"<p>Premi\u00e8re projection en Suisse-romande.&#8220;Evolution (2021) traverse trois g\u00e9n\u00e9rations d\u2019une famille frapp\u00e9e par la Shoah.Un film poignant, ouvert sur l\u2019inconscient et la puissance du ressenti.&#8221; (Agn\u00e8s Santi), r\u00e9alis\u00e9 par Korn\u00e9l MUNDRUCZO et inspir\u00e9 des v\u00e9cus et dits familiaux de sa compagne &hellip; <a href=\"http:\/\/www.cerclemartinbuber.ch\/wordpress\/?p=1286\">Continue reading <span class=\"meta-nav\">&rarr;<\/span><\/a><\/p>\n","protected":false},"author":1,"featured_media":0,"comment_status":"closed","ping_status":"open","sticky":false,"template":"","format":"standard","meta":{"footnotes":""},"categories":[1],"tags":[],"class_list":["post-1286","post","type-post","status-publish","format-standard","hentry","category-uncategorized"],"_links":{"self":[{"href":"http:\/\/www.cerclemartinbuber.ch\/wordpress\/index.php?rest_route=\/wp\/v2\/posts\/1286","targetHints":{"allow":["GET"]}}],"collection":[{"href":"http:\/\/www.cerclemartinbuber.ch\/wordpress\/index.php?rest_route=\/wp\/v2\/posts"}],"about":[{"href":"http:\/\/www.cerclemartinbuber.ch\/wordpress\/index.php?rest_route=\/wp\/v2\/types\/post"}],"author":[{"embeddable":true,"href":"http:\/\/www.cerclemartinbuber.ch\/wordpress\/index.php?rest_route=\/wp\/v2\/users\/1"}],"replies":[{"embeddable":true,"href":"http:\/\/www.cerclemartinbuber.ch\/wordpress\/index.php?rest_route=%2Fwp%2Fv2%2Fcomments&post=1286"}],"version-history":[{"count":7,"href":"http:\/\/www.cerclemartinbuber.ch\/wordpress\/index.php?rest_route=\/wp\/v2\/posts\/1286\/revisions"}],"predecessor-version":[{"id":1297,"href":"http:\/\/www.cerclemartinbuber.ch\/wordpress\/index.php?rest_route=\/wp\/v2\/posts\/1286\/revisions\/1297"}],"wp:attachment":[{"href":"http:\/\/www.cerclemartinbuber.ch\/wordpress\/index.php?rest_route=%2Fwp%2Fv2%2Fmedia&parent=1286"}],"wp:term":[{"taxonomy":"category","embeddable":true,"href":"http:\/\/www.cerclemartinbuber.ch\/wordpress\/index.php?rest_route=%2Fwp%2Fv2%2Fcategories&post=1286"},{"taxonomy":"post_tag","embeddable":true,"href":"http:\/\/www.cerclemartinbuber.ch\/wordpress\/index.php?rest_route=%2Fwp%2Fv2%2Ftags&post=1286"}],"curies":[{"name":"wp","href":"https:\/\/api.w.org\/{rel}","templated":true}]}}