{"id":1097,"date":"2021-01-12T11:56:52","date_gmt":"2021-01-12T11:56:52","guid":{"rendered":"http:\/\/www.cerclemartinbuber.ch\/wordpress\/?p=1097"},"modified":"2022-09-24T19:47:22","modified_gmt":"2022-09-24T19:47:22","slug":"rencontre-litteraire-avec-anna-szucs-mardi-19-janvier-a-12h15-sur-zoom","status":"publish","type":"post","link":"http:\/\/www.cerclemartinbuber.ch\/wordpress\/?p=1097","title":{"rendered":"Rencontre litt\u00e9raire avec Anna SZ\u00dcCS &#8211; Mardi 19 janvier 2021         \u00e0 12H15 sur ZOOM"},"content":{"rendered":"\n<figure class=\"wp-block-image size-large\"><img loading=\"lazy\" decoding=\"async\" width=\"768\" height=\"1024\" src=\"http:\/\/www.cerclemartinbuber.ch\/wordpress\/wp-content\/uploads\/2021\/01\/SZUCS-RENCONTRE-768x1024.jpg\" alt=\"\" class=\"wp-image-1101\" srcset=\"http:\/\/www.cerclemartinbuber.ch\/wordpress\/wp-content\/uploads\/2021\/01\/SZUCS-RENCONTRE-768x1024.jpg 768w, http:\/\/www.cerclemartinbuber.ch\/wordpress\/wp-content\/uploads\/2021\/01\/SZUCS-RENCONTRE-225x300.jpg 225w, http:\/\/www.cerclemartinbuber.ch\/wordpress\/wp-content\/uploads\/2021\/01\/SZUCS-RENCONTRE-1152x1536.jpg 1152w, http:\/\/www.cerclemartinbuber.ch\/wordpress\/wp-content\/uploads\/2021\/01\/SZUCS-RENCONTRE.jpg 1250w\" sizes=\"auto, (max-width: 768px) 100vw, 768px\" \/><\/figure>\n","protected":false},"excerpt":{"rendered":"","protected":false},"author":1,"featured_media":0,"comment_status":"closed","ping_status":"open","sticky":false,"template":"","format":"standard","meta":{"footnotes":""},"categories":[1],"tags":[],"class_list":["post-1097","post","type-post","status-publish","format-standard","hentry","category-uncategorized"],"_links":{"self":[{"href":"http:\/\/www.cerclemartinbuber.ch\/wordpress\/index.php?rest_route=\/wp\/v2\/posts\/1097","targetHints":{"allow":["GET"]}}],"collection":[{"href":"http:\/\/www.cerclemartinbuber.ch\/wordpress\/index.php?rest_route=\/wp\/v2\/posts"}],"about":[{"href":"http:\/\/www.cerclemartinbuber.ch\/wordpress\/index.php?rest_route=\/wp\/v2\/types\/post"}],"author":[{"embeddable":true,"href":"http:\/\/www.cerclemartinbuber.ch\/wordpress\/index.php?rest_route=\/wp\/v2\/users\/1"}],"replies":[{"embeddable":true,"href":"http:\/\/www.cerclemartinbuber.ch\/wordpress\/index.php?rest_route=%2Fwp%2Fv2%2Fcomments&post=1097"}],"version-history":[{"count":4,"href":"http:\/\/www.cerclemartinbuber.ch\/wordpress\/index.php?rest_route=\/wp\/v2\/posts\/1097\/revisions"}],"predecessor-version":[{"id":1103,"href":"http:\/\/www.cerclemartinbuber.ch\/wordpress\/index.php?rest_route=\/wp\/v2\/posts\/1097\/revisions\/1103"}],"wp:attachment":[{"href":"http:\/\/www.cerclemartinbuber.ch\/wordpress\/index.php?rest_route=%2Fwp%2Fv2%2Fmedia&parent=1097"}],"wp:term":[{"taxonomy":"category","embeddable":true,"href":"http:\/\/www.cerclemartinbuber.ch\/wordpress\/index.php?rest_route=%2Fwp%2Fv2%2Fcategories&post=1097"},{"taxonomy":"post_tag","embeddable":true,"href":"http:\/\/www.cerclemartinbuber.ch\/wordpress\/index.php?rest_route=%2Fwp%2Fv2%2Ftags&post=1097"}],"curies":[{"name":"wp","href":"https:\/\/api.w.org\/{rel}","templated":true}]}}