{"id":1085,"date":"2020-09-01T21:31:49","date_gmt":"2020-09-01T21:31:49","guid":{"rendered":"http:\/\/www.cerclemartinbuber.ch\/wordpress\/?p=1085"},"modified":"2022-09-24T19:47:29","modified_gmt":"2022-09-24T19:47:29","slug":"autour-du-roman-le-fil-rompu-de-celine-spierer","status":"publish","type":"post","link":"http:\/\/www.cerclemartinbuber.ch\/wordpress\/?p=1085","title":{"rendered":"&#8220;Le Fil rompu&#8221; de C\u00e9line Spierer &#8211; Mercredi 2 septembre 2020 \u00e0 20H"},"content":{"rendered":"\n<p>Nous avons le plaisir de vous convier \u00e0 une rencontre litt\u00e9raire avec&nbsp;<strong>C\u00e9line&nbsp;Spierer<\/strong>. Celle-ci nous parlera de son premier roman&nbsp;<a>&#8220;Le Fil rompu&#8221; (2020)<\/a>, une fresque historique qui nous m\u00e8ne de New York \u00e0 Dresde, jusqu&#8217;\u00e0 Kalisz, en Pologne, nous faisant passer avec la m\u00eame dext\u00e9rit\u00e9 d&#8217;un appartement \u00e0 l&#8217;autre comme d&#8217;une \u00e9poque \u00e0 l&#8217;autre.<\/p>\n\n\n\n<p><strong>Ilan Lew<\/strong> (CMB) animera cette rencontre qui aura lieu <strong>Mercredi 2 septembre \u00e0 20H \u00e0 la Communaut\u00e9 Isra\u00e9lite de Gen\u00e8ve (21, avenue Dumas)<\/strong> et traitera notamment de m\u00e9moire des lieux et d&#8217;\u00e9criture des r\u00e9miniscences. <br><br>Organisation: CIG, Cercle Martin Buber et R\u00e9seau Deuxi\u00e8me G\u00e9n\u00e9ration, en partenariat avec la Librairie Atmosph\u00e8re.<\/p>\n\n\n\n<figure class=\"wp-block-image size-large\"><img loading=\"lazy\" decoding=\"async\" width=\"607\" height=\"853\" src=\"http:\/\/www.cerclemartinbuber.ch\/wordpress\/wp-content\/uploads\/2020\/09\/WEB-Rencontre-litteraire-Celine-Spierer.jpg\" alt=\"\" class=\"wp-image-1088\" srcset=\"http:\/\/www.cerclemartinbuber.ch\/wordpress\/wp-content\/uploads\/2020\/09\/WEB-Rencontre-litteraire-Celine-Spierer.jpg 607w, http:\/\/www.cerclemartinbuber.ch\/wordpress\/wp-content\/uploads\/2020\/09\/WEB-Rencontre-litteraire-Celine-Spierer-213x300.jpg 213w\" sizes=\"auto, (max-width: 607px) 100vw, 607px\" \/><\/figure>\n","protected":false},"excerpt":{"rendered":"<p>Nous avons le plaisir de vous convier \u00e0 une rencontre litt\u00e9raire avec&nbsp;C\u00e9line&nbsp;Spierer. Celle-ci nous parlera de son premier roman&nbsp;&#8220;Le Fil rompu&#8221; (2020), une fresque historique qui nous m\u00e8ne de New York \u00e0 Dresde, jusqu&#8217;\u00e0 Kalisz, en Pologne, nous faisant passer &hellip; <a href=\"http:\/\/www.cerclemartinbuber.ch\/wordpress\/?p=1085\">Continue reading <span class=\"meta-nav\">&rarr;<\/span><\/a><\/p>\n","protected":false},"author":1,"featured_media":0,"comment_status":"closed","ping_status":"open","sticky":false,"template":"","format":"standard","meta":{"footnotes":""},"categories":[1],"tags":[],"class_list":["post-1085","post","type-post","status-publish","format-standard","hentry","category-uncategorized"],"_links":{"self":[{"href":"http:\/\/www.cerclemartinbuber.ch\/wordpress\/index.php?rest_route=\/wp\/v2\/posts\/1085","targetHints":{"allow":["GET"]}}],"collection":[{"href":"http:\/\/www.cerclemartinbuber.ch\/wordpress\/index.php?rest_route=\/wp\/v2\/posts"}],"about":[{"href":"http:\/\/www.cerclemartinbuber.ch\/wordpress\/index.php?rest_route=\/wp\/v2\/types\/post"}],"author":[{"embeddable":true,"href":"http:\/\/www.cerclemartinbuber.ch\/wordpress\/index.php?rest_route=\/wp\/v2\/users\/1"}],"replies":[{"embeddable":true,"href":"http:\/\/www.cerclemartinbuber.ch\/wordpress\/index.php?rest_route=%2Fwp%2Fv2%2Fcomments&post=1085"}],"version-history":[{"count":9,"href":"http:\/\/www.cerclemartinbuber.ch\/wordpress\/index.php?rest_route=\/wp\/v2\/posts\/1085\/revisions"}],"predecessor-version":[{"id":1104,"href":"http:\/\/www.cerclemartinbuber.ch\/wordpress\/index.php?rest_route=\/wp\/v2\/posts\/1085\/revisions\/1104"}],"wp:attachment":[{"href":"http:\/\/www.cerclemartinbuber.ch\/wordpress\/index.php?rest_route=%2Fwp%2Fv2%2Fmedia&parent=1085"}],"wp:term":[{"taxonomy":"category","embeddable":true,"href":"http:\/\/www.cerclemartinbuber.ch\/wordpress\/index.php?rest_route=%2Fwp%2Fv2%2Fcategories&post=1085"},{"taxonomy":"post_tag","embeddable":true,"href":"http:\/\/www.cerclemartinbuber.ch\/wordpress\/index.php?rest_route=%2Fwp%2Fv2%2Ftags&post=1085"}],"curies":[{"name":"wp","href":"https:\/\/api.w.org\/{rel}","templated":true}]}}